{"id":309,"date":"2017-08-02T10:18:00","date_gmt":"2017-08-02T08:18:00","guid":{"rendered":"https:\/\/www.jvp-grada-slatine.hr\/?p=309"},"modified":"2021-04-23T09:32:39","modified_gmt":"2021-04-23T07:32:39","slug":"gradonacelnik-denis-ostrosic-posjetio-javnu-vatrogasnu-postrojbu-slatina","status":"publish","type":"post","link":"https:\/\/www.jvp-grada-slatine.hr\/?p=309","title":{"rendered":"Gradona\u010delnik Denis Ostro\u0161i\u0107 posjetio Javnu vatrogasnu postrojbu Slatina"},"content":{"rendered":"\n<p>Javna vatrogasna postrojba Slatina pokriva podru\u010dje grada Slatine i pet susjednih op\u0107ina. Za intervencije koristi svoja vozila i vozila u dr\u017eavnom vlasni\u0161tvu koja su ustupljena postrojbi na kori\u0161tenje.<\/p>\n\n\n\n<p><em>\u2013 Opremljenost tih vozila je dobra, uglavnom su to nova vozila, dok su vozila JVP Slatina starija, ali ispravna i u funkciji. Imamo i jednu cisternu iz 1972. godine i jo\u0161 uvijek je ispravna i spremna za svakodnevne intervencije i prijevoz vode, pojasnio je zapovjednik JVP Slatina Stjepan Venus. Jedan slatinski vatrogasac trenuta\u010dno je u Dubrovniku, gdje se smjena profesionalnih vatrogasaca obavlja svakih 15 dana. Vatrogasna vozila iz Slatine nisu upu\u0107ivana na ugro\u017eena primorska podru\u010dja jer je Dr\u017eavna intervencijska postrojba dobila nove cisterne iz programa hrvatske Vlade pa nije bilo potrebe da se \u0161alju i cisterne. \u2013 Ako bude potrebe, po zapovijedi glavnog vatrogasnog zapovjednika podi\u017eu se dodatne snage, pa i vozila<\/em>, ka\u017ee zapovjednik Venus.<\/p>\n\n\n\n<p>Javnu vatrogasnu postrojbu Slatina posjetio je gradona\u010delnik Denis Ostro\u0161i\u0107, koga je zapovjednik Venus upoznao s vatrogasnim vozilima koja su postrojbi na raspolaganju i s postoje\u0107om vatrogasnom opremom i aktivnostima.<\/p>\n\n\n\n<p>\u2013 U pogledu opremljenosti Javne vatrogasne postrojbe Slatina mislim da je stanje relativno dobro, ali problema ima, rekao je gradona\u010delnik Ostro\u0161i\u0107.&nbsp;<em>\u2013 Ono \u0161to nedostaje vatrogascima, pa i cijelom gradu, jesu ljestve. To je dugogodi\u0161nji problem i nastojat \u0107emo ga na neki na\u010din rije\u0161iti. Nalazimo se izme\u0111u nekoliko elementarnih nepogoda. Jedna je bila led, pa se pojavila mogu\u0107nost poplave, koja je i zahvatila jedan dio grada, a s druge strane prijeti su\u0161a. Vatrogasci su uvijek prvi u obrani pa sam do\u0161ao kad se mijenjaju smjene da pozdravim i da zahvalim svim vatrogascima, svima koji su u proteklih nekoliko dana, ali i ina\u010de uvijek tu kad je to gradu potrebno. Vidimo da je sve to i na dr\u017eavnoj razini umre\u017eeno i da smo prisutni i u Dubrovniku, u Splitu, i na drugim lokacijama kad je to nu\u017eno.<\/em><\/p>\n\n\n\n<p>Gradona\u010delnik Ostro\u0161i\u0107 zamje\u0107uje da gra\u0111ani nisu sigurni \u0161to u\u010diniti kad se ne\u0161to doga\u0111a. \u2013 Upravo kad je Slatinu zahvatila tu\u010da i kad sam s timom obilazio mjesta gdje su ljudi imali probleme, uvijek smo \u010duli da su vatrogasci ve\u0107 do\u0161li, ili su na nekom drugom mjestu. Oni su te no\u0107i odradili dobar posao jer su iza\u0161li na sedam mjesta, ali bilo je premalo poziva 112. Gra\u0111ani bi morali znati da u takvoj \u201enenormalnoj\u201c situaciji prvo trebaju zvati 112, a onda se pokre\u0107e sustav, pojasnio je gradona\u010delnik Ostro\u0161i\u0107.<\/p>\n\n\n\n<p>JVP Slatina ove godine imala je 51 intervenciju, od toga 30 po\u017eara i 21 tehni\u010dku intervenciju. Najve\u0107i po\u017ear dogodio se na Pustari Vi\u0161njici, gdje je gorjelo 1800 rolo-bala sijena zatvorenih u skladi\u0161tu i gdje su tako\u0111er uskladi\u0161tena dva nova traktora John Dere s opremom i d\u017eambo-vre\u0107e s prehranom stoku od je\u010dma, p\u0161enice i zobi.<\/p>\n\n\n\n<p>Pola zgrade je izgorjelo, a sijeno nije vi\u0161e bilo za uporabu jer sve se moralo izvu\u0107i i uni\u0161teno je. Dio zgrade i oprema su spa\u0161eni. Po\u017ear je zamijetila policijska ophodnja u redovitom obilasku, ali tada je ve\u0107 krovi\u0161te na dijelu zgrade izgorjelo i propalo.<\/p>\n\n\n\n<p><em>(P. \u017darkovi\u0107 \u2013 Glas Slavonije)<\/em><\/p>\n\n\n\n<figure class=\"wp-block-gallery columns-3 is-cropped wp-block-gallery-1 is-layout-flex wp-block-gallery-is-layout-flex\"><ul class=\"blocks-gallery-grid\"><li class=\"blocks-gallery-item\"><figure><img loading=\"lazy\" decoding=\"async\" width=\"1024\" height=\"768\" src=\"https:\/\/www.jvp-grada-slatine.hr\/wp-content\/uploads\/2021\/04\/Gradonac\u030celnik-Denis-Ostros\u030cic\u0301-sa-slatinskim-vatrogascima-1024x768.jpeg\" alt=\"\" data-id=\"310\" data-full-url=\"https:\/\/www.jvp-grada-slatine.hr\/wp-content\/uploads\/2021\/04\/Gradonac\u030celnik-Denis-Ostros\u030cic\u0301-sa-slatinskim-vatrogascima.jpeg\" data-link=\"https:\/\/www.jvp-grada-slatine.hr\/?attachment_id=310\" class=\"wp-image-310\" srcset=\"https:\/\/www.jvp-grada-slatine.hr\/wp-content\/uploads\/2021\/04\/Gradonac\u030celnik-Denis-Ostros\u030cic\u0301-sa-slatinskim-vatrogascima-1024x768.jpeg 1024w, https:\/\/www.jvp-grada-slatine.hr\/wp-content\/uploads\/2021\/04\/Gradonac\u030celnik-Denis-Ostros\u030cic\u0301-sa-slatinskim-vatrogascima-300x225.jpeg 300w, https:\/\/www.jvp-grada-slatine.hr\/wp-content\/uploads\/2021\/04\/Gradonac\u030celnik-Denis-Ostros\u030cic\u0301-sa-slatinskim-vatrogascima-768x576.jpeg 768w, https:\/\/www.jvp-grada-slatine.hr\/wp-content\/uploads\/2021\/04\/Gradonac\u030celnik-Denis-Ostros\u030cic\u0301-sa-slatinskim-vatrogascima.jpeg 1181w\" sizes=\"auto, (max-width: 1024px) 100vw, 1024px\" \/><figcaption class=\"blocks-gallery-item__caption\">OLYMPUS DIGITAL CAMERA<\/figcaption><\/figure><\/li><li class=\"blocks-gallery-item\"><figure><img loading=\"lazy\" decoding=\"async\" width=\"1024\" height=\"771\" src=\"https:\/\/www.jvp-grada-slatine.hr\/wp-content\/uploads\/2021\/04\/Gradonac\u030celnik-Denis-Ostros\u030cic\u0301-1024x771.jpeg\" alt=\"\" data-id=\"311\" data-full-url=\"https:\/\/www.jvp-grada-slatine.hr\/wp-content\/uploads\/2021\/04\/Gradonac\u030celnik-Denis-Ostros\u030cic\u0301.jpeg\" data-link=\"https:\/\/www.jvp-grada-slatine.hr\/?attachment_id=311\" class=\"wp-image-311\" srcset=\"https:\/\/www.jvp-grada-slatine.hr\/wp-content\/uploads\/2021\/04\/Gradonac\u030celnik-Denis-Ostros\u030cic\u0301-1024x771.jpeg 1024w, https:\/\/www.jvp-grada-slatine.hr\/wp-content\/uploads\/2021\/04\/Gradonac\u030celnik-Denis-Ostros\u030cic\u0301-300x226.jpeg 300w, https:\/\/www.jvp-grada-slatine.hr\/wp-content\/uploads\/2021\/04\/Gradonac\u030celnik-Denis-Ostros\u030cic\u0301-768x578.jpeg 768w, https:\/\/www.jvp-grada-slatine.hr\/wp-content\/uploads\/2021\/04\/Gradonac\u030celnik-Denis-Ostros\u030cic\u0301.jpeg 1181w\" sizes=\"auto, (max-width: 1024px) 100vw, 1024px\" \/><\/figure><\/li><li class=\"blocks-gallery-item\"><figure><img loading=\"lazy\" decoding=\"async\" width=\"1024\" height=\"768\" src=\"https:\/\/www.jvp-grada-slatine.hr\/wp-content\/uploads\/2021\/04\/Zapovjednik-JVP-Slatina-Stjepan-Venus-1024x768.jpeg\" alt=\"\" data-id=\"312\" data-full-url=\"https:\/\/www.jvp-grada-slatine.hr\/wp-content\/uploads\/2021\/04\/Zapovjednik-JVP-Slatina-Stjepan-Venus.jpeg\" data-link=\"https:\/\/www.jvp-grada-slatine.hr\/?attachment_id=312\" class=\"wp-image-312\" srcset=\"https:\/\/www.jvp-grada-slatine.hr\/wp-content\/uploads\/2021\/04\/Zapovjednik-JVP-Slatina-Stjepan-Venus-1024x768.jpeg 1024w, https:\/\/www.jvp-grada-slatine.hr\/wp-content\/uploads\/2021\/04\/Zapovjednik-JVP-Slatina-Stjepan-Venus-300x225.jpeg 300w, https:\/\/www.jvp-grada-slatine.hr\/wp-content\/uploads\/2021\/04\/Zapovjednik-JVP-Slatina-Stjepan-Venus-768x576.jpeg 768w, https:\/\/www.jvp-grada-slatine.hr\/wp-content\/uploads\/2021\/04\/Zapovjednik-JVP-Slatina-Stjepan-Venus.jpeg 1181w\" sizes=\"auto, (max-width: 1024px) 100vw, 1024px\" \/><figcaption class=\"blocks-gallery-item__caption\">OLYMPUS DIGITAL CAMERA<\/figcaption><\/figure><\/li><li class=\"blocks-gallery-item\"><figure><img loading=\"lazy\" decoding=\"async\" width=\"1024\" height=\"768\" src=\"https:\/\/www.jvp-grada-slatine.hr\/wp-content\/uploads\/2021\/04\/Zaspovjednik-Stjepan-Venus-upoznao-je-gradonac\u030celnika-Denisa-Ostros\u030cic\u0301a-s-vozilima-i-opremom-JVP-2-1024x768.jpeg\" alt=\"\" data-id=\"313\" data-full-url=\"https:\/\/www.jvp-grada-slatine.hr\/wp-content\/uploads\/2021\/04\/Zaspovjednik-Stjepan-Venus-upoznao-je-gradonac\u030celnika-Denisa-Ostros\u030cic\u0301a-s-vozilima-i-opremom-JVP-2.jpeg\" data-link=\"https:\/\/www.jvp-grada-slatine.hr\/?attachment_id=313\" class=\"wp-image-313\" srcset=\"https:\/\/www.jvp-grada-slatine.hr\/wp-content\/uploads\/2021\/04\/Zaspovjednik-Stjepan-Venus-upoznao-je-gradonac\u030celnika-Denisa-Ostros\u030cic\u0301a-s-vozilima-i-opremom-JVP-2-1024x768.jpeg 1024w, https:\/\/www.jvp-grada-slatine.hr\/wp-content\/uploads\/2021\/04\/Zaspovjednik-Stjepan-Venus-upoznao-je-gradonac\u030celnika-Denisa-Ostros\u030cic\u0301a-s-vozilima-i-opremom-JVP-2-300x225.jpeg 300w, https:\/\/www.jvp-grada-slatine.hr\/wp-content\/uploads\/2021\/04\/Zaspovjednik-Stjepan-Venus-upoznao-je-gradonac\u030celnika-Denisa-Ostros\u030cic\u0301a-s-vozilima-i-opremom-JVP-2-768x576.jpeg 768w, https:\/\/www.jvp-grada-slatine.hr\/wp-content\/uploads\/2021\/04\/Zaspovjednik-Stjepan-Venus-upoznao-je-gradonac\u030celnika-Denisa-Ostros\u030cic\u0301a-s-vozilima-i-opremom-JVP-2.jpeg 1181w\" sizes=\"auto, (max-width: 1024px) 100vw, 1024px\" \/><figcaption class=\"blocks-gallery-item__caption\">OLYMPUS DIGITAL CAMERA<\/figcaption><\/figure><\/li><li class=\"blocks-gallery-item\"><figure><img loading=\"lazy\" decoding=\"async\" width=\"1024\" height=\"768\" src=\"https:\/\/www.jvp-grada-slatine.hr\/wp-content\/uploads\/2021\/04\/Zaspovjednik-Stjepan-Venus-upoznao-je-gradonac\u030celnika-Denisa-Ostros\u030cic\u0301a-s-vozilima-i-opremom-JVP-1024x768.jpeg\" alt=\"\" data-id=\"314\" data-full-url=\"https:\/\/www.jvp-grada-slatine.hr\/wp-content\/uploads\/2021\/04\/Zaspovjednik-Stjepan-Venus-upoznao-je-gradonac\u030celnika-Denisa-Ostros\u030cic\u0301a-s-vozilima-i-opremom-JVP.jpeg\" data-link=\"https:\/\/www.jvp-grada-slatine.hr\/?attachment_id=314\" class=\"wp-image-314\" srcset=\"https:\/\/www.jvp-grada-slatine.hr\/wp-content\/uploads\/2021\/04\/Zaspovjednik-Stjepan-Venus-upoznao-je-gradonac\u030celnika-Denisa-Ostros\u030cic\u0301a-s-vozilima-i-opremom-JVP-1024x768.jpeg 1024w, https:\/\/www.jvp-grada-slatine.hr\/wp-content\/uploads\/2021\/04\/Zaspovjednik-Stjepan-Venus-upoznao-je-gradonac\u030celnika-Denisa-Ostros\u030cic\u0301a-s-vozilima-i-opremom-JVP-300x225.jpeg 300w, https:\/\/www.jvp-grada-slatine.hr\/wp-content\/uploads\/2021\/04\/Zaspovjednik-Stjepan-Venus-upoznao-je-gradonac\u030celnika-Denisa-Ostros\u030cic\u0301a-s-vozilima-i-opremom-JVP-768x576.jpeg 768w, https:\/\/www.jvp-grada-slatine.hr\/wp-content\/uploads\/2021\/04\/Zaspovjednik-Stjepan-Venus-upoznao-je-gradonac\u030celnika-Denisa-Ostros\u030cic\u0301a-s-vozilima-i-opremom-JVP.jpeg 1181w\" sizes=\"auto, (max-width: 1024px) 100vw, 1024px\" \/><figcaption class=\"blocks-gallery-item__caption\">OLYMPUS DIGITAL CAMERA<\/figcaption><\/figure><\/li><\/ul><\/figure>\n","protected":false},"excerpt":{"rendered":"<p>Javna vatrogasna postrojba Slatina pokriva podru\u010dje grada Slatine i pet susjednih op\u0107ina. Za intervencije koristi svoja vozila i vozila u dr\u017eavnom vlasni\u0161tvu koja su ustupljena postrojbi na kori\u0161tenje. \u2013 Opremljenost tih vozila je dobra, uglavnom su to nova vozila, dok su vozila JVP Slatina starija, ali ispravna i u funkciji. Imamo i jednu cisternu iz&hellip;&nbsp;<a href=\"https:\/\/www.jvp-grada-slatine.hr\/?p=309\" rel=\"bookmark\">Read More &raquo;<span class=\"screen-reader-text\">Gradona\u010delnik Denis Ostro\u0161i\u0107 posjetio Javnu vatrogasnu postrojbu Slatina<\/span><\/a><\/p>\n","protected":false},"author":1,"featured_media":313,"comment_status":"open","ping_status":"open","sticky":false,"template":"","format":"standard","meta":{"neve_meta_sidebar":"","neve_meta_container":"","neve_meta_enable_content_width":"","neve_meta_content_width":0,"neve_meta_title_alignment":"","neve_meta_author_avatar":"","neve_post_elements_order":"","neve_meta_disable_header":"","neve_meta_disable_footer":"","neve_meta_disable_title":"","_themeisle_gutenberg_block_has_review":false,"footnotes":""},"categories":[1],"tags":[],"class_list":["post-309","post","type-post","status-publish","format-standard","has-post-thumbnail","hentry","category-nekategorizirano"],"_links":{"self":[{"href":"https:\/\/www.jvp-grada-slatine.hr\/index.php?rest_route=\/wp\/v2\/posts\/309","targetHints":{"allow":["GET"]}}],"collection":[{"href":"https:\/\/www.jvp-grada-slatine.hr\/index.php?rest_route=\/wp\/v2\/posts"}],"about":[{"href":"https:\/\/www.jvp-grada-slatine.hr\/index.php?rest_route=\/wp\/v2\/types\/post"}],"author":[{"embeddable":true,"href":"https:\/\/www.jvp-grada-slatine.hr\/index.php?rest_route=\/wp\/v2\/users\/1"}],"replies":[{"embeddable":true,"href":"https:\/\/www.jvp-grada-slatine.hr\/index.php?rest_route=%2Fwp%2Fv2%2Fcomments&post=309"}],"version-history":[{"count":1,"href":"https:\/\/www.jvp-grada-slatine.hr\/index.php?rest_route=\/wp\/v2\/posts\/309\/revisions"}],"predecessor-version":[{"id":315,"href":"https:\/\/www.jvp-grada-slatine.hr\/index.php?rest_route=\/wp\/v2\/posts\/309\/revisions\/315"}],"wp:featuredmedia":[{"embeddable":true,"href":"https:\/\/www.jvp-grada-slatine.hr\/index.php?rest_route=\/wp\/v2\/media\/313"}],"wp:attachment":[{"href":"https:\/\/www.jvp-grada-slatine.hr\/index.php?rest_route=%2Fwp%2Fv2%2Fmedia&parent=309"}],"wp:term":[{"taxonomy":"category","embeddable":true,"href":"https:\/\/www.jvp-grada-slatine.hr\/index.php?rest_route=%2Fwp%2Fv2%2Fcategories&post=309"},{"taxonomy":"post_tag","embeddable":true,"href":"https:\/\/www.jvp-grada-slatine.hr\/index.php?rest_route=%2Fwp%2Fv2%2Ftags&post=309"}],"curies":[{"name":"wp","href":"https:\/\/api.w.org\/{rel}","templated":true}]}}