{"id":1137,"date":"2023-09-04T09:13:51","date_gmt":"2023-09-04T07:13:51","guid":{"rendered":"https:\/\/www.jvp-grada-slatine.hr\/?p=1137"},"modified":"2023-09-04T09:16:32","modified_gmt":"2023-09-04T07:16:32","slug":"vatrogasci-jvp-grada-slatine-odali-pocast-stradalim-kolegama","status":"publish","type":"post","link":"https:\/\/www.jvp-grada-slatine.hr\/?p=1137","title":{"rendered":"Vatrogasci JVP Grada Slatine odali po\u010dast stradalim kolegama"},"content":{"rendered":"\n<p>Vatrogasci JVP Grada Slatine su ju\u010der,30. kolovoza, u 15,25 sati upalili svije\u0107u i sirene na vatrogasnim vozilima u trajanju od 60 sekundi povodom spomena na na\u0161e vatrogasce, heroje stradale 30. kolovoza 2007. godine na Kornatima.<\/p>\n\n\n\n<p>Za vrijeme zvu\u010dnih signala odali su po\u010dast stradalim kolegama, te se prisjetili svih stradalih \u010ditanjem njihovih imena i prezimena: Dino Klari\u0107, Ivica Crvelin, Ivan Marinovi\u0107, Marko Stan\u010di\u0107, Gabrijel Sko\u010di\u0107, Hrvoje Strikoman, Tomislav Crvelin, Ante Crvelin, Josip Lu\u010di\u0107, Karlo \u0160everdija, Marinko Kne\u017eevi\u0107, Ante Juri\u010dev-Mikulin.<\/p>\n\n\n\n<p>Ujedno su se prisjetili vatrogasca Marinka Juri\u0107a pripadnika DVD-a Stari Grad koji je preminuo 29. kolovoza 2007. godine tijekom ga\u0161enja po\u017eara na Hvaru.<\/p>\n\n\n\n<p><a href=\"https:\/\/www.radioslatina.hr\/wp-content\/uploads\/2023\/08\/IMG-20230830-WA0006_432x768.jpg\"><\/a><\/p>\n","protected":false},"excerpt":{"rendered":"<p>Vatrogasci JVP Grada Slatine su ju\u010der,30. kolovoza, u 15,25 sati upalili svije\u0107u i sirene na vatrogasnim vozilima u trajanju od 60 sekundi povodom spomena na na\u0161e vatrogasce, heroje stradale 30. kolovoza 2007. godine na Kornatima. Za vrijeme zvu\u010dnih signala odali su po\u010dast stradalim kolegama, te se prisjetili svih stradalih \u010ditanjem njihovih imena i prezimena: Dino&hellip;&nbsp;<a href=\"https:\/\/www.jvp-grada-slatine.hr\/?p=1137\" rel=\"bookmark\">Read More &raquo;<span class=\"screen-reader-text\">Vatrogasci JVP Grada Slatine odali po\u010dast stradalim kolegama<\/span><\/a><\/p>\n","protected":false},"author":1,"featured_media":1139,"comment_status":"open","ping_status":"open","sticky":false,"template":"","format":"standard","meta":{"neve_meta_sidebar":"","neve_meta_container":"","neve_meta_enable_content_width":"","neve_meta_content_width":0,"neve_meta_title_alignment":"","neve_meta_author_avatar":"","neve_post_elements_order":"","neve_meta_disable_header":"","neve_meta_disable_footer":"","neve_meta_disable_title":"","_themeisle_gutenberg_block_has_review":false,"footnotes":""},"categories":[1],"tags":[],"class_list":["post-1137","post","type-post","status-publish","format-standard","has-post-thumbnail","hentry","category-nekategorizirano"],"_links":{"self":[{"href":"https:\/\/www.jvp-grada-slatine.hr\/index.php?rest_route=\/wp\/v2\/posts\/1137","targetHints":{"allow":["GET"]}}],"collection":[{"href":"https:\/\/www.jvp-grada-slatine.hr\/index.php?rest_route=\/wp\/v2\/posts"}],"about":[{"href":"https:\/\/www.jvp-grada-slatine.hr\/index.php?rest_route=\/wp\/v2\/types\/post"}],"author":[{"embeddable":true,"href":"https:\/\/www.jvp-grada-slatine.hr\/index.php?rest_route=\/wp\/v2\/users\/1"}],"replies":[{"embeddable":true,"href":"https:\/\/www.jvp-grada-slatine.hr\/index.php?rest_route=%2Fwp%2Fv2%2Fcomments&post=1137"}],"version-history":[{"count":1,"href":"https:\/\/www.jvp-grada-slatine.hr\/index.php?rest_route=\/wp\/v2\/posts\/1137\/revisions"}],"predecessor-version":[{"id":1138,"href":"https:\/\/www.jvp-grada-slatine.hr\/index.php?rest_route=\/wp\/v2\/posts\/1137\/revisions\/1138"}],"wp:featuredmedia":[{"embeddable":true,"href":"https:\/\/www.jvp-grada-slatine.hr\/index.php?rest_route=\/wp\/v2\/media\/1139"}],"wp:attachment":[{"href":"https:\/\/www.jvp-grada-slatine.hr\/index.php?rest_route=%2Fwp%2Fv2%2Fmedia&parent=1137"}],"wp:term":[{"taxonomy":"category","embeddable":true,"href":"https:\/\/www.jvp-grada-slatine.hr\/index.php?rest_route=%2Fwp%2Fv2%2Fcategories&post=1137"},{"taxonomy":"post_tag","embeddable":true,"href":"https:\/\/www.jvp-grada-slatine.hr\/index.php?rest_route=%2Fwp%2Fv2%2Ftags&post=1137"}],"curies":[{"name":"wp","href":"https:\/\/api.w.org\/{rel}","templated":true}]}}