{"id":1103,"date":"2023-05-04T17:20:09","date_gmt":"2023-05-04T15:20:09","guid":{"rendered":"https:\/\/www.jvp-grada-slatine.hr\/?p=1103"},"modified":"2023-05-08T17:25:28","modified_gmt":"2023-05-08T15:25:28","slug":"vatrogasna-zajednica-grada-slatine-sa-svojim-dvd-ima-obiljezila-dan-vatrogasaca-i-blagdan-svog-zastitnika-sv-florijana","status":"publish","type":"post","link":"https:\/\/www.jvp-grada-slatine.hr\/?p=1103","title":{"rendered":"Vatrogasna zajednica Grada Slatine sa svojim DVD-ima obilje\u017eila Dan vatrogasaca i blagdan svog za\u0161titnika, sv. Florijana"},"content":{"rendered":"\n<p>U organizaciji Vatrogasne zajednice Grada Slatine ove su godine dobrovoljna vatrogasna dru\u0161tva sa slatinskog podru\u010dja zajedno s Javnom vatrogasnom postrojbom Grada Slatine obilje\u017eila Dan vatrogasaca i blagdan svog za\u0161titnika, sv. Florijana. Tako su se u 18 sati u vatrogasnom dvori\u0161tu JVP Slatine okupili predstavnici DVD-a Slatina, Kozice, Baki\u0107 i Sladojevci gdje su ih uz taktove Gradske glazbe Slatina do\u010dekali predsjednik Vatrogasne zajednice Grada Slatine Branko Belo\u0161evi\u0107, predsjednik Dobrovoljnog vatrogasnog dru\u0161tva Slatina Josip Bi\u0107ani\u0107 i v. d. zapovjednika Javne vatrogasne postrojbe Grada Slatine Tomislav Uher.<br>Nakon postrojavanja zapovjednik DVD-a Slatina Josip Miki\u0107 podnio je prijavak gradona\u010delniku Grada Slatine Denisu Ostro\u0161i\u0107u koji mu je, u nazo\u010dnosti svog zamjenika Ilije Nikoli\u0107a, a nakon pozdravnih rije\u010di i \u010destitki u prigodi Dana vatrogasaca i blagdana sv. Florijana, dao dozvolu za polazak sve\u010danog e\u0161alona prema crkvi sv. Josipa u Slatini gdje je odr\u017eana sveta misa.<\/p>\n\n\n\n<figure class=\"wp-block-image size-full\"><img loading=\"lazy\" decoding=\"async\" width=\"1024\" height=\"768\" src=\"https:\/\/www.jvp-grada-slatine.hr\/wp-content\/uploads\/2023\/05\/20230504_181655_1024x768.jpg\" alt=\"\" class=\"wp-image-1105\" srcset=\"https:\/\/www.jvp-grada-slatine.hr\/wp-content\/uploads\/2023\/05\/20230504_181655_1024x768.jpg 1024w, https:\/\/www.jvp-grada-slatine.hr\/wp-content\/uploads\/2023\/05\/20230504_181655_1024x768-300x225.jpg 300w, https:\/\/www.jvp-grada-slatine.hr\/wp-content\/uploads\/2023\/05\/20230504_181655_1024x768-768x576.jpg 768w\" sizes=\"auto, (max-width: 1024px) 100vw, 1024px\" \/><\/figure>\n\n\n\n<p>Sve\u010danu misu je za sve pokojne i \u017eive vatrogasce koji nesebi\u010dno riskiraju svoje \u017eivote za spas tu\u0111ih \u017eivota i imovine predvodio \u017eupnik \u017dupe sv. Josipa, pre\u010d. Dragan Hrgi\u0107 koji je tako\u0111er uz \u010destitke vatrogascima izrazio zahvalu za po\u017ertvovnost u ovom \u010dasnom, ali nadasve opasnom pozivu, a osobito najmla\u0111im vatrogascima koji su prisustvovali svetoj misi i cjelokupnoj sve\u010danosti.<\/p>\n\n\n\n<p>Obilje\u017eavanje Dana vatrogasaca nastavljeno je prigodnim domjenkom u vatrogasnom domu DVD-a Slatina.<\/p>\n\n\n\n<p>U prijepodnevnim satima na blagdan sv. Florijana delegacija VZG Slatine, JVP Slatine i DVD-a Slatina predvo\u0111ena predsjednikom Vatrogasne zajednice Grada Slatine Brankom Belo\u0161evi\u0107em na gradskom groblju u Slatini odala je po\u010dast preminulim vatrogascima Milanu Stipani\u0107u i zapovjedniku JVP Slatine Stjepanu Venusu, polaganjem vijenaca i upaljenih lampiona na njihova posljednja po\u010divali\u0161ta, kao i svim poginulim i preminulim vatrogascima polaganjem lampiona ispred Kri\u017ea mu\u010denika.<br>Na groblju u Grabi\u0107u uz vatrogasce, preminulom predsjedniku DVD-a Slatina Draganu Medvedovi\u0107u po\u010dast je odala i njegova supruga Eva.<\/p>\n\n\n\n<figure class=\"wp-block-image size-full\"><img loading=\"lazy\" decoding=\"async\" width=\"1024\" height=\"768\" src=\"https:\/\/www.jvp-grada-slatine.hr\/wp-content\/uploads\/2023\/05\/20230504_175837_1024x768.jpg\" alt=\"\" class=\"wp-image-1106\" srcset=\"https:\/\/www.jvp-grada-slatine.hr\/wp-content\/uploads\/2023\/05\/20230504_175837_1024x768.jpg 1024w, https:\/\/www.jvp-grada-slatine.hr\/wp-content\/uploads\/2023\/05\/20230504_175837_1024x768-300x225.jpg 300w, https:\/\/www.jvp-grada-slatine.hr\/wp-content\/uploads\/2023\/05\/20230504_175837_1024x768-768x576.jpg 768w\" sizes=\"auto, (max-width: 1024px) 100vw, 1024px\" \/><\/figure>\n\n\n\n<p>Blagdan sv. Florijana bila je prigoda i za darivanje. Naime, Grad Slatina je povodom Dana vatrogasaca Vatrogasnoj zajednici Grada Slatine darivala vatrogasnu opremu, odnosno \u010detiri brenta\u010de u vrijednosti od 1.500,00 eura.<\/p>\n\n\n\n<p>\u2013 Grad Slatina nastavlja s ulaganjima u vatrogastvo, te smo ove godine odlu\u010dili opremati prije svega ljudstvo u slatinskoj Javnoj vatrogasnoj postrojbi. No kako bi zadr\u017eali kontinuitet rada s mladima odlu\u010dili smo se za ovaj simboli\u010dni poklon koji \u0107e pomo\u0107i u njihovom radu, odnosno kako bi se mladi kvalitetnom vje\u017ebom uklju\u010dili na pravi na\u010din, i shvatili \u0161to je zapravo vatrogastvo, \u2013 istaknuo je gradona\u010delnik Ostro\u0161i\u0107.<\/p>\n\n\n\n<p>\u2013 Vatrogasna zajednica Grada Slatine napravila je dvije staze za vje\u017ebanje mlade\u017ei. Jedna se nalazi u Sladojevcima na kojoj \u0107e vje\u017ebati DVD Sladojevci i DVD Donji Meljani, dok \u0107e druga biti postavljena najvjerojatnije na igrali\u0161tu u Poto\u010danima budu\u0107i da ovdje nemamo dovoljno mjesta, a gdje \u0107e vje\u017ebati DVD Kozice i DVD Slatina. Nadamo se da \u0107e im se pridru\u017eiti i DVD Baki\u0107 te da \u0107e imati svoju ekipu mlade\u017ei, \u2013 rekao je Belo\u0161evi\u0107.<\/p>\n\n\n\n<p>\u2013 Za svaku stazu su potrebne po dvije brenta\u010de i drago mi je \u0161to smo dobili nove koje su efikasnije i br\u017ee od starih i prije svega neophodne kako bi se na\u0161a vatrogasna mlade\u017e mogla adekvatno pripremati za \u017eupanijsko, a nadamo se i dr\u017eavno natjecanje, \u2013 dodao je Uher.<br>(izvor: <a href=\"http:\/\/www.radioslatina.hr\" data-type=\"URL\" data-id=\"www.radioslatina.hr\">www.radioslatina.hr<\/a>, mf\/Foto: Mihaela Feldi)<\/p>\n\n\n\n<figure class=\"wp-block-gallery has-nested-images columns-default is-cropped wp-block-gallery-1 is-layout-flex wp-block-gallery-is-layout-flex\">\n<figure class=\"wp-block-image size-full\"><img loading=\"lazy\" decoding=\"async\" width=\"1024\" height=\"768\" data-id=\"1107\" src=\"https:\/\/www.jvp-grada-slatine.hr\/wp-content\/uploads\/2023\/05\/20230504_181443_1024x768.jpg\" alt=\"\" class=\"wp-image-1107\" srcset=\"https:\/\/www.jvp-grada-slatine.hr\/wp-content\/uploads\/2023\/05\/20230504_181443_1024x768.jpg 1024w, https:\/\/www.jvp-grada-slatine.hr\/wp-content\/uploads\/2023\/05\/20230504_181443_1024x768-300x225.jpg 300w, https:\/\/www.jvp-grada-slatine.hr\/wp-content\/uploads\/2023\/05\/20230504_181443_1024x768-768x576.jpg 768w\" sizes=\"auto, (max-width: 1024px) 100vw, 1024px\" \/><\/figure>\n\n\n\n<figure class=\"wp-block-image size-full\"><img loading=\"lazy\" decoding=\"async\" width=\"1024\" height=\"768\" data-id=\"1110\" src=\"https:\/\/www.jvp-grada-slatine.hr\/wp-content\/uploads\/2023\/05\/20230504_181704_1024x768.jpg\" alt=\"\" class=\"wp-image-1110\" srcset=\"https:\/\/www.jvp-grada-slatine.hr\/wp-content\/uploads\/2023\/05\/20230504_181704_1024x768.jpg 1024w, https:\/\/www.jvp-grada-slatine.hr\/wp-content\/uploads\/2023\/05\/20230504_181704_1024x768-300x225.jpg 300w, https:\/\/www.jvp-grada-slatine.hr\/wp-content\/uploads\/2023\/05\/20230504_181704_1024x768-768x576.jpg 768w\" sizes=\"auto, (max-width: 1024px) 100vw, 1024px\" \/><\/figure>\n\n\n\n<figure class=\"wp-block-image size-full\"><img loading=\"lazy\" decoding=\"async\" width=\"1024\" height=\"768\" data-id=\"1109\" src=\"https:\/\/www.jvp-grada-slatine.hr\/wp-content\/uploads\/2023\/05\/20230504_181834_1024x768.jpg\" alt=\"\" class=\"wp-image-1109\" srcset=\"https:\/\/www.jvp-grada-slatine.hr\/wp-content\/uploads\/2023\/05\/20230504_181834_1024x768.jpg 1024w, https:\/\/www.jvp-grada-slatine.hr\/wp-content\/uploads\/2023\/05\/20230504_181834_1024x768-300x225.jpg 300w, https:\/\/www.jvp-grada-slatine.hr\/wp-content\/uploads\/2023\/05\/20230504_181834_1024x768-768x576.jpg 768w\" sizes=\"auto, (max-width: 1024px) 100vw, 1024px\" \/><\/figure>\n\n\n\n<figure class=\"wp-block-image size-full\"><img loading=\"lazy\" decoding=\"async\" width=\"1024\" height=\"768\" data-id=\"1111\" src=\"https:\/\/www.jvp-grada-slatine.hr\/wp-content\/uploads\/2023\/05\/20230504_181922_1024x768.jpg\" alt=\"\" class=\"wp-image-1111\" srcset=\"https:\/\/www.jvp-grada-slatine.hr\/wp-content\/uploads\/2023\/05\/20230504_181922_1024x768.jpg 1024w, https:\/\/www.jvp-grada-slatine.hr\/wp-content\/uploads\/2023\/05\/20230504_181922_1024x768-300x225.jpg 300w, https:\/\/www.jvp-grada-slatine.hr\/wp-content\/uploads\/2023\/05\/20230504_181922_1024x768-768x576.jpg 768w\" sizes=\"auto, (max-width: 1024px) 100vw, 1024px\" \/><\/figure>\n\n\n\n<figure class=\"wp-block-image size-full\"><img loading=\"lazy\" decoding=\"async\" width=\"1024\" height=\"576\" data-id=\"1108\" src=\"https:\/\/www.jvp-grada-slatine.hr\/wp-content\/uploads\/2023\/05\/IMG-15f2f8573e90b7e7e39b5b1539fbad9c-V_1024x576.jpg\" alt=\"\" class=\"wp-image-1108\" srcset=\"https:\/\/www.jvp-grada-slatine.hr\/wp-content\/uploads\/2023\/05\/IMG-15f2f8573e90b7e7e39b5b1539fbad9c-V_1024x576.jpg 1024w, https:\/\/www.jvp-grada-slatine.hr\/wp-content\/uploads\/2023\/05\/IMG-15f2f8573e90b7e7e39b5b1539fbad9c-V_1024x576-300x169.jpg 300w, https:\/\/www.jvp-grada-slatine.hr\/wp-content\/uploads\/2023\/05\/IMG-15f2f8573e90b7e7e39b5b1539fbad9c-V_1024x576-768x432.jpg 768w\" sizes=\"auto, (max-width: 1024px) 100vw, 1024px\" \/><\/figure>\n<\/figure>\n","protected":false},"excerpt":{"rendered":"<p>U organizaciji Vatrogasne zajednice Grada Slatine ove su godine dobrovoljna vatrogasna dru\u0161tva sa slatinskog podru\u010dja zajedno s Javnom vatrogasnom postrojbom Grada Slatine obilje\u017eila Dan vatrogasaca i blagdan svog za\u0161titnika, sv. Florijana. Tako su se u 18 sati u vatrogasnom dvori\u0161tu JVP Slatine okupili predstavnici DVD-a Slatina, Kozice, Baki\u0107 i Sladojevci gdje su ih uz taktove&hellip;&nbsp;<a href=\"https:\/\/www.jvp-grada-slatine.hr\/?p=1103\" rel=\"bookmark\">Read More &raquo;<span class=\"screen-reader-text\">Vatrogasna zajednica Grada Slatine sa svojim DVD-ima obilje\u017eila Dan vatrogasaca i blagdan svog za\u0161titnika, sv. Florijana<\/span><\/a><\/p>\n","protected":false},"author":1,"featured_media":1104,"comment_status":"open","ping_status":"open","sticky":false,"template":"","format":"standard","meta":{"neve_meta_sidebar":"","neve_meta_container":"","neve_meta_enable_content_width":"","neve_meta_content_width":0,"neve_meta_title_alignment":"","neve_meta_author_avatar":"","neve_post_elements_order":"","neve_meta_disable_header":"","neve_meta_disable_footer":"","neve_meta_disable_title":"","_themeisle_gutenberg_block_has_review":false,"footnotes":""},"categories":[1],"tags":[],"class_list":["post-1103","post","type-post","status-publish","format-standard","has-post-thumbnail","hentry","category-nekategorizirano"],"_links":{"self":[{"href":"https:\/\/www.jvp-grada-slatine.hr\/index.php?rest_route=\/wp\/v2\/posts\/1103","targetHints":{"allow":["GET"]}}],"collection":[{"href":"https:\/\/www.jvp-grada-slatine.hr\/index.php?rest_route=\/wp\/v2\/posts"}],"about":[{"href":"https:\/\/www.jvp-grada-slatine.hr\/index.php?rest_route=\/wp\/v2\/types\/post"}],"author":[{"embeddable":true,"href":"https:\/\/www.jvp-grada-slatine.hr\/index.php?rest_route=\/wp\/v2\/users\/1"}],"replies":[{"embeddable":true,"href":"https:\/\/www.jvp-grada-slatine.hr\/index.php?rest_route=%2Fwp%2Fv2%2Fcomments&post=1103"}],"version-history":[{"count":1,"href":"https:\/\/www.jvp-grada-slatine.hr\/index.php?rest_route=\/wp\/v2\/posts\/1103\/revisions"}],"predecessor-version":[{"id":1112,"href":"https:\/\/www.jvp-grada-slatine.hr\/index.php?rest_route=\/wp\/v2\/posts\/1103\/revisions\/1112"}],"wp:featuredmedia":[{"embeddable":true,"href":"https:\/\/www.jvp-grada-slatine.hr\/index.php?rest_route=\/wp\/v2\/media\/1104"}],"wp:attachment":[{"href":"https:\/\/www.jvp-grada-slatine.hr\/index.php?rest_route=%2Fwp%2Fv2%2Fmedia&parent=1103"}],"wp:term":[{"taxonomy":"category","embeddable":true,"href":"https:\/\/www.jvp-grada-slatine.hr\/index.php?rest_route=%2Fwp%2Fv2%2Fcategories&post=1103"},{"taxonomy":"post_tag","embeddable":true,"href":"https:\/\/www.jvp-grada-slatine.hr\/index.php?rest_route=%2Fwp%2Fv2%2Ftags&post=1103"}],"curies":[{"name":"wp","href":"https:\/\/api.w.org\/{rel}","templated":true}]}}